{"id":4270,"date":"2021-04-12T07:35:23","date_gmt":"2021-04-12T05:35:23","guid":{"rendered":"http:\/\/tc-dettingen-teck.de\/?p=4270"},"modified":"2021-04-12T07:35:23","modified_gmt":"2021-04-12T05:35:23","slug":"neue-corona-verordnung-29-03-2021","status":"publish","type":"post","link":"https:\/\/tc-dettingen-teck.de\/?p=4270","title":{"rendered":"Neue Corona-Verordnung (29.03.2021)"},"content":{"rendered":"<h1><span style=\"font-size: 16px;\">Die Landesregierung Baden-W\u00fcrttemberg hat die Verordnung \u00fcber infektionssch\u00fctzende Ma\u00dfnahmen gegen die Ausbreitung des Virus SARS-CoV-2 (Corona-Verordnung \u2013 CoronaVO) erneut ge\u00e4ndert.<\/span><\/h1>\n<div class=\"categorylist\"><span class=\"news-list-date\">29.03.2021<\/span>\u00a0\u00a0<span title=\"UID: 32\">Corona<\/span><\/div>\n<div class=\"row\">\n<div class=\"col-md-8\">\n<div class=\"image-wrap\">\n<figure class=\"image\"><img class=\"lazyload\" decoding=\"async\" src=\"data:image\/svg+xml,%3Csvg%20xmlns%3D%27http%3A%2F%2Fwww.w3.org%2F2000%2Fsvg%27%20width%3D%27750%27%20height%3D%27468%27%20viewBox%3D%270%200%20750%20468%27%3E%3Crect%20width%3D%27750%27%20height%3D%27468%27%20fill-opacity%3D%220%22%2F%3E%3C%2Fsvg%3E\" data-orig-src=\"https:\/\/www.wtb-tennis.de\/fileadmin\/_processed_\/c\/f\/csm_Corona_Aktuell_NEU_6cce8f973b.jpg\" alt=\"\" width=\"750\" height=\"468\" \/><\/figure>\n<\/div>\n<\/div>\n<\/div>\n<div class=\"news-img-wrap\">\n<div class=\"outer\">\n<div class=\"mediaelement mediaelement-image\"><img \/><\/div>\n<\/div>\n<\/div>\n<div class=\"row\">\n<div class=\"col-sm-8\">\n<div class=\"text-wrap\">\n<p>Gem. \u00a7 13 Absatz 1 Nummer 8 der ab 29. M\u00e4rz 2021 g\u00fcltigen Fassung der CoronaVO ist der Betrieb von \u00f6ffentlichen und privaten Sportanlagen und Sportst\u00e4tten untersagt.\u00a0<strong>F\u00fcr den kontaktarmen Freizeit- und Amateursport (Tennissport) ist der Betrieb nach Ma\u00dfgabe von \u00a7 9 Absatz 1 CoronaVO zul\u00e4ssig.<\/strong>\u00a0\u00a7 9 Absatz 1 CoronaVO f\u00fchrt aus, dass Ansammlungen (1) mit Angeh\u00f6rigen des eigenen Haushaltes und (2) von Angeh\u00f6rigen des eigenen und eines weiteren Haushalts, mit insgesamt nicht mehr als f\u00fcnf Personen gestattet sind.<\/p>\n<p>Stellt das zust\u00e4ndige Gesundheitsamt in einem Land- oder Stadtkreis im Rahmen einer regelm\u00e4\u00dfig durchzuf\u00fchrenden Pr\u00fcfung eine seit f\u00fcnf Tagen in Folge bestehende\u00a0<strong>Sieben-Tages-Inzidenz von weniger als 50 Neuinfektionen<\/strong>\u00a0mit dem Coronavirus je 100.000 Einwohner fest, so ist ab dem Inkrafttreten nach Absatz 7 gem. \u00a7 20 Absatz 3 Nummer 3 CoronaVO der Betrieb von Sportanlagen und Sportst\u00e4tten sowie die Sportaus\u00fcbung im Freien abweichend von \u00a7 13 Absatz 1 Nummer 8, \u00a7 9 Absatz 1 CoronaVO auch f\u00fcr Gruppen von bis zu zehn Personen gestattet, soweit die Sportart kontaktarm ausge\u00fcbt wird.<\/p>\n<p>Stellt das zust\u00e4ndige Gesundheitsamt in einem Land- oder Stadtkreis im Rahmen einer regelm\u00e4\u00dfig durchzuf\u00fchrenden Pr\u00fcfung eine seit drei Tagen in Folge bestehende\u00a0<strong>Sieben-Tages-Inzidenz von mehr als 100 Neuinfektionen<\/strong>\u00a0mit dem Coronavirus je 100.000 Einwohner fest, so ist ab dem Inkrafttreten nach Absatz 7 gem. \u00a7 20 Absatz 5 Nummer 2 CoronaVO abweichend von \u00a7 13 Absatz 1 Nummer 8 CoronaVO der Betrieb von Sportanlagen f\u00fcr den Freizeit- und Amateursport untersagt;\u00a0<strong>dies gilt nicht f\u00fcr weitl\u00e4ufige Au\u00dfensportanlagen (Tennispl\u00e4tze im Freien)<\/strong>\u00a0f\u00fcr Personengruppen im Sinne von \u00a7 9 Absatz 1 CoronaVO.<\/p>\n<p>&nbsp;<\/p>\n<div class=\"table-responsive\">\n<table class=\"table\">\n<tbody>\n<tr>\n<td><\/td>\n<td><strong>Inzidenz unter 50<\/strong><\/td>\n<td><strong>Inzidenz unter 100<\/strong><\/td>\n<td><strong>Inzidenz \u00fcber 100<\/strong><\/td>\n<\/tr>\n<tr>\n<td><strong>Tennishalle<\/strong><\/td>\n<td>Max. 5 Personen aus 2 Haushalten. Sanit\u00e4re Anlagen,<br \/>\nUmkleiden und andere Gemeinschaftseinrichtungen<br \/>\nd\u00fcrfen nicht benutzt werden \u2013 Ausnahmen f\u00fcr die<br \/>\nEinzelnutzung der WCs.<\/td>\n<td>Max. 5 Personen aus 2 Haushalten. Sanit\u00e4re Anlagen,<br \/>\nUmkleiden und andere Gemeinschaftseinrichtungen<br \/>\nd\u00fcrfen nicht benutzt werden \u2013<br \/>\nAusnahmen f\u00fcr die Einzelnutzung der WCs.<\/td>\n<td>geschlossen<\/td>\n<\/tr>\n<tr>\n<td><strong>Tennispl\u00e4tze im Freien<\/strong><\/td>\n<td>Max. 10 Personen. Weitl\u00e4ufige Anlagen d\u00fcrfen<br \/>\nauch von mehreren individualsportlich aktiven Personen<br \/>\nunter Einhaltung der Abstandsregeln genutzt werden,<br \/>\nsofern sich diese nicht begegnen. Sanit\u00e4re Anlagen,<br \/>\nUmkleiden und andere Gemeinschaftseinrichtungen<br \/>\nd\u00fcrfen nicht benutzt werden \u2013 Ausnahmen f\u00fcr die Einzelnutzung der WCs.<\/td>\n<td>Max. 5 Personen aus 2 Haushalten; Weitl\u00e4ufige Anlagen<br \/>\nd\u00fcrfen auch von mehreren individualsportlich aktiven<br \/>\nPersonen unter Einhaltung der Abstandsregeln<br \/>\ngenutzt werden, sofern sich diese nicht begegnen.<br \/>\nSanit\u00e4re Anlagen, Umkleiden und andere<br \/>\nGemeinschaftseinrichtungen d\u00fcrfen<br \/>\nnicht benutzt werden \u2013 Ausnahmen f\u00fcr die Einzelnutzung der WCs.<\/td>\n<td>Max. 5 Personen aus 2 Haushalten; Weitl\u00e4ufige<br \/>\nAnlagen d\u00fcrfen auch von mehreren<br \/>\nindividualsportlich aktiven Personen unter<br \/>\nEinhaltung der Abstandsregeln genutzt werden,<br \/>\nsofern sich diese nicht begegnen.<br \/>\nSanit\u00e4re Anlagen, Umkleiden<br \/>\nund andere Gemeinschaftseinrichtungen<br \/>\nd\u00fcrfen nicht benutzt werden \u2013 Ausnahmen f\u00fcr die<br \/>\nEinzelnutzung der WCs.<\/td>\n<\/tr>\n<\/tbody>\n<\/table>\n<\/div>\n<\/div>\n<\/div>\n<\/div>\n","protected":false},"excerpt":{"rendered":"<p>Die Landesregierung Baden-W\u00fcrttemberg hat die Verordnung \u00fcber infektionssch\u00fctzende Ma\u00dfnahmen gegen die Ausbreitung des Virus SARS-CoV-2 (Corona-Verordnung \u2013 CoronaVO) erneut ge\u00e4ndert. 29.03.2021\u00a0\u00a0Corona Gem. \u00a7 13 Absatz 1 Nummer 8 der ab 29. M\u00e4rz 2021 g\u00fcltigen Fassung der CoronaVO ist der Betrieb von \u00f6ffentlichen und privaten Sportanlagen und Sportst\u00e4tten untersagt.\u00a0F\u00fcr den kontaktarmen Freizeit- und Amateursport (Tennissport) ist der Betrieb nach Ma\u00dfgabe von \u00a7 9 Absatz 1 CoronaVO<\/p>\n","protected":false},"author":1,"featured_media":0,"comment_status":"closed","ping_status":"open","sticky":false,"template":"","format":"standard","meta":{"_jetpack_newsletter_access":"","_jetpack_dont_email_post_to_subs":false,"_jetpack_newsletter_tier_id":0,"_jetpack_memberships_contains_paywalled_content":false,"_jetpack_feature_clip_id":0,"_jetpack_memberships_contains_paid_content":false,"footnotes":"","jetpack_post_was_ever_published":false},"categories":[40],"tags":[],"class_list":["post-4270","post","type-post","status-publish","format-standard","hentry","category-uncategorized"],"jetpack_sharing_enabled":true,"jetpack_featured_media_url":"","_links":{"self":[{"href":"https:\/\/tc-dettingen-teck.de\/index.php?rest_route=\/wp\/v2\/posts\/4270","targetHints":{"allow":["GET"]}}],"collection":[{"href":"https:\/\/tc-dettingen-teck.de\/index.php?rest_route=\/wp\/v2\/posts"}],"about":[{"href":"https:\/\/tc-dettingen-teck.de\/index.php?rest_route=\/wp\/v2\/types\/post"}],"author":[{"embeddable":true,"href":"https:\/\/tc-dettingen-teck.de\/index.php?rest_route=\/wp\/v2\/users\/1"}],"replies":[{"embeddable":true,"href":"https:\/\/tc-dettingen-teck.de\/index.php?rest_route=%2Fwp%2Fv2%2Fcomments&post=4270"}],"version-history":[{"count":0,"href":"https:\/\/tc-dettingen-teck.de\/index.php?rest_route=\/wp\/v2\/posts\/4270\/revisions"}],"wp:attachment":[{"href":"https:\/\/tc-dettingen-teck.de\/index.php?rest_route=%2Fwp%2Fv2%2Fmedia&parent=4270"}],"wp:term":[{"taxonomy":"category","embeddable":true,"href":"https:\/\/tc-dettingen-teck.de\/index.php?rest_route=%2Fwp%2Fv2%2Fcategories&post=4270"},{"taxonomy":"post_tag","embeddable":true,"href":"https:\/\/tc-dettingen-teck.de\/index.php?rest_route=%2Fwp%2Fv2%2Ftags&post=4270"}],"curies":[{"name":"wp","href":"https:\/\/api.w.org\/{rel}","templated":true}]}}