{"id":4676,"date":"2021-05-07T21:33:16","date_gmt":"2021-05-07T19:33:16","guid":{"rendered":"http:\/\/tc-dettingen-teck.de\/?p=4676"},"modified":"2021-05-07T21:33:16","modified_gmt":"2021-05-07T19:33:16","slug":"platznews","status":"publish","type":"post","link":"https:\/\/tc-dettingen-teck.de\/?p=4676","title":{"rendered":"PlatzNEWS"},"content":{"rendered":"<p>Liebe Tennisfreunde,<\/p>\n<p>vielen konnten bereits auf unserer Anlage die ersten B\u00e4lle schlagen. Wie Ihr vielleicht bemerkt habt, sind die Pl\u00e4tze 1 und 2 noch nicht in einem perfekten Zustand. An den Grundlinien sind die Pl\u00e4tze noch recht weich. Das kommt daher, dass diese Pl\u00e4tze deutlich \u00f6fter bespielt werden als die Pl\u00e4tze 3-4. Dadurch entstand letzte Saison eine Vertiefung hinter den Grundlinien. Um diese Vertiefung auszugleichen, musste bei der Instandsetzung mehr Ziegelmehl aufgebracht werden. Diese dickere Schicht braucht Zeit richtig durchzuh\u00e4rten. Speziell beim intensiven Match k\u00f6nnen hier L\u00f6cher entstehen. Wenn das der Fall ist, bitte ich Euch, beim Abziehen der Pl\u00e4tze den roten Besen zu verwenden. Dieser schiebt mehr Material in die L\u00f6cher. Ihr w\u00fcrdet Albert und mir auch einen gro\u00dfen Gefallen tun, wenn Ihr \u00fcber diese L\u00f6cher ein zweites oder drittes Mal mit dem Besen fahrt. Abziehen kann man nie genug. Durch die anschlie\u00dfende Bew\u00e4sserung werden diese L\u00f6cher verdichtet.<br \/>\nAlbert und ich werden die kommenden Wochen weiter daran arbeiten die weichen Stellen zu verdichten.<br \/>\nDieses Jahr wurden neue Linien eingezogen. Diese werden zum Teil noch etwas von der obersten Ziegelmehlschicht abgedeckt. Ihr k\u00f6nnt daher gerne die Linien mit dem Linienbesen frei kehren.<br \/>\nBei Fragen rund um die Pl\u00e4tze k\u00f6nnt Ihr mich gerne kontaktieren.<\/p>\n<p>Liebe Gr\u00fc\u00dfe<br \/>\nPhilip Kanal<\/p>\n","protected":false},"excerpt":{"rendered":"<p>Liebe Tennisfreunde, vielen konnten bereits auf unserer Anlage die ersten B\u00e4lle schlagen. Wie Ihr vielleicht bemerkt habt, sind die Pl\u00e4tze 1 und 2 noch nicht in einem perfekten Zustand. An den Grundlinien sind die Pl\u00e4tze noch recht weich. Das kommt daher, dass diese Pl\u00e4tze deutlich \u00f6fter bespielt werden als die Pl\u00e4tze 3-4. Dadurch entstand letzte Saison eine Vertiefung hinter den Grundlinien. Um diese Vertiefung auszugleichen,<\/p>\n","protected":false},"author":1,"featured_media":0,"comment_status":"closed","ping_status":"open","sticky":false,"template":"","format":"standard","meta":{"_jetpack_newsletter_access":"","_jetpack_dont_email_post_to_subs":false,"_jetpack_newsletter_tier_id":0,"_jetpack_memberships_contains_paywalled_content":false,"_jetpack_feature_clip_id":0,"_jetpack_memberships_contains_paid_content":false,"footnotes":"","jetpack_post_was_ever_published":false},"categories":[37],"tags":[],"class_list":["post-4676","post","type-post","status-publish","format-standard","hentry","category-platzwart"],"jetpack_sharing_enabled":true,"jetpack_featured_media_url":"","_links":{"self":[{"href":"https:\/\/tc-dettingen-teck.de\/index.php?rest_route=\/wp\/v2\/posts\/4676","targetHints":{"allow":["GET"]}}],"collection":[{"href":"https:\/\/tc-dettingen-teck.de\/index.php?rest_route=\/wp\/v2\/posts"}],"about":[{"href":"https:\/\/tc-dettingen-teck.de\/index.php?rest_route=\/wp\/v2\/types\/post"}],"author":[{"embeddable":true,"href":"https:\/\/tc-dettingen-teck.de\/index.php?rest_route=\/wp\/v2\/users\/1"}],"replies":[{"embeddable":true,"href":"https:\/\/tc-dettingen-teck.de\/index.php?rest_route=%2Fwp%2Fv2%2Fcomments&post=4676"}],"version-history":[{"count":0,"href":"https:\/\/tc-dettingen-teck.de\/index.php?rest_route=\/wp\/v2\/posts\/4676\/revisions"}],"wp:attachment":[{"href":"https:\/\/tc-dettingen-teck.de\/index.php?rest_route=%2Fwp%2Fv2%2Fmedia&parent=4676"}],"wp:term":[{"taxonomy":"category","embeddable":true,"href":"https:\/\/tc-dettingen-teck.de\/index.php?rest_route=%2Fwp%2Fv2%2Fcategories&post=4676"},{"taxonomy":"post_tag","embeddable":true,"href":"https:\/\/tc-dettingen-teck.de\/index.php?rest_route=%2Fwp%2Fv2%2Ftags&post=4676"}],"curies":[{"name":"wp","href":"https:\/\/api.w.org\/{rel}","templated":true}]}}