{"id":5428,"date":"2025-03-10T07:20:29","date_gmt":"2025-03-10T07:20:29","guid":{"rendered":"https:\/\/tc-dettingen-teck.de\/?p=5428"},"modified":"2025-03-10T07:20:29","modified_gmt":"2025-03-10T07:20:29","slug":"einladung-zur-46-mitgliederversammlung","status":"publish","type":"post","link":"https:\/\/tc-dettingen-teck.de\/?p=5428","title":{"rendered":"Einladung zur 46. Mitgliederversammlung"},"content":{"rendered":"<p>Liebe Mitglieder\/innen des TC Dettingen unter Teck,<\/p>\n<p>hiermit laden wir euch ganz herzlich zu unserer 46. Mitgliederversammlung ein.<\/p>\n<p>Diese wird am\u00a009.05.2025 um 19:00 Uhr auf unserem Vereinsgel\u00e4nde stattfinden.<\/p>\n<p>Die beiden Hauptthemen werden wieder unsere Vorstandswahlen und die aktuellen Bauma\u00dfnahmen an der H\u00fctte sein.<\/p>\n<p>Au\u00dferdem werfen wir wieder einen R\u00fcckblick auf das Vorjahr und geben einen Ausblick auf unsere anstehende Saison.<\/p>\n<p><strong>Tagesordnung:<\/strong><\/p>\n<ol>\n<li>Begr\u00fc\u00dfung<\/li>\n<li>Berichte\n<ul>\n<li>1. und 2. Vorsitzender<\/li>\n<li>Finanz- und Kassenbericht<\/li>\n<li>Kassenpr\u00fcferbericht<\/li>\n<li>Sportwart<\/li>\n<li>Jugendsportwart (entf\u00e4llt, da nicht besetzt)<\/li>\n<li>Platzwart<\/li>\n<li>H\u00fcttenwart und Mitgliederverwaltung<\/li>\n<li>Bericht zum Vereinsheim<\/li>\n<\/ul>\n<\/li>\n<li>Entlastung des Vorstandes<\/li>\n<li>Wahlen des Vorstandes\n<ul>\n<li>Benennung des Wahlleiters<\/li>\n<li>1. Vorsitzende\/r (________)<\/li>\n<li>Sportwart\/in (________)<\/li>\n<li>Jugendsportwart\/in (________)<\/li>\n<li>Pressewart\/\u00d6ffentlichkeitsarbeit (________)<\/li>\n<\/ul>\n<\/li>\n<li>Etat 2024\/2025<\/li>\n<li>Eingegangene Antr\u00e4ge<\/li>\n<li>Termine 2025<\/li>\n<li>Sonstiges<\/li>\n<\/ol>\n<p>Wie ihr wisst, werden jedes Jahr rotierend die Vorstandspositionen zur H\u00e4lfte neu gew\u00e4hlt\/besetzt, u. a. auch um einen Komplettausfall des Vorstandes zu vermeiden.<\/p>\n<p>Hinzu kommen die Positionen, welche im letzten Jahr nicht besetzt werden konnten.<\/p>\n<p><strong>Daher noch einmal ein dringender Appell an alle Mitglieder.<\/strong><\/p>\n<p>F\u00fcr die folgenden Positionen werden weiterhin dringend Mitglieder gesucht, welche den Verein unterst\u00fctzen m\u00f6chten.<\/p>\n<ul>\n<li>1. Vorsitzender<\/li>\n<li>Jugendsportwart\/in<\/li>\n<li>Sportwart\/in<\/li>\n<li>Pressewart\/\u00d6ffentlichkeitsarbeit<\/li>\n<\/ul>\n<p>Nat\u00fcrlich ist es auch m\u00f6glich, dass sich mehrere Personen ein Amt teilen. Eine Person sollte allerdings die Steuerung \u00fcbernehmen und als direkter Ansprechpartner dienen.<\/p>\n<p>Dabei k\u00f6nnen die Rollen auch gern von uns gemeinsam auf eure W\u00fcnsche angepasst werden, sofern sich dies mit unseren Vereinsregularien vereinbaren l\u00e4sst. Ohne die Besetzung der Funktionen ist ein geregelter Betrieb nur bedingt m\u00f6glich.<\/p>\n<p>Auch wenn Interesse an einer zuk\u00fcnftigen Vorstandsfunktion bestehen sollte, sprecht uns gerne an und wir k\u00f6nnen gemeinsam f\u00fcr die Zukunft planen.<\/p>\n<p>Weitere Tagesordnungspunkte und Antr\u00e4ge, die nicht in der Tagesordnung aufgef\u00fchrt sind, werden ebenfalls in der Mitgliederversammlung behandelt, sofern diese schriftlich per E-Mail oder Brief bis zum 05.05.2025 bei dem einladenden Vorstandsmitglied eingereicht worden sind.<\/p>\n<p><em>Briefanschrift: Hans-J\u00fcrgen H\u00fcsges, Untere Stra\u00dfe 5, 73265 Dettingen\u00a0unter Teck\u00a0<\/em><\/p>\n<p><em>E-Mail: <\/em><a href=\"mailto:vorstand1@tcd-teck.club\"><em>vorstand1@tcd-teck.club<\/em><\/a><\/p>\n<p><em>Mobil: + 49 (0)172 87 40 906<\/em><\/p>\n<p>Unsere n\u00e4chste Vorstandssitzung findet am 19.03.2025 statt. Hier werden wir u. a. die Termine f\u00fcr die neue Saison festlegen.<\/p>\n<p>&nbsp;<\/p>\n<p><strong>Weitere Informationen rund um den TCD<\/strong>:<\/p>\n<p><strong>H\u00fctte<\/strong>: Die Umbauma\u00dfnahmen laufen bereits, daher haben wir zurzeit auch nur Baustrom in der H\u00fctte. In den kommenden Tagen wird der Hauptverteiler in das B\u00fcro verlegt und im Anschluss die Elektroarbeiten durch die Firma Bechtle durchgef\u00fchrt. Dazu wurde bereits das B\u00fcro leerger\u00e4umt und die Decken durch die Mitarbeiter von Klaus Quattlender ge\u00f6ffnet. Sobald diese Arbeiten abgeschlossen sind, werden die Fenster und teilw. die T\u00fcren erneuert. Weitere Informationen erhaltet ihr selbstverst\u00e4ndlich auf der Mitgliederversammlung.<\/p>\n<p>Unsere <strong>Pl\u00e4tze<\/strong> werden voraussichtlich in der KW 15 gerichtet. Volker Hummel ist hier im engen Austausch mit der Firma Nohe.<\/p>\n<p>Wir planen am 18.03.2025 mit Theresa, Torsten und Thomas einen <strong>Elternabend<\/strong>. Dieser wird voraussichtlich am 04. April stattfinden. Der genaue Termin geht euch selbstverst\u00e4ndlich noch zu.<\/p>\n<p>Au\u00dferdem l\u00e4uft gerade noch ein <strong>Garagenprojekt<\/strong>. Timo stellt dem TCD seine Fertiggarage zur Verf\u00fcgung. Diese wird den Container auf dem Parkplatz ersetzen und die Planung zur Umsetzung l\u00e4uft ebenfalls gerade parallel.<\/p>\n<p>Ihr seht die Vorbereitungen f\u00fcr die neue Saison laufen bereits und es werden wieder viele flei\u00dfige H\u00e4nde in den n\u00e4chsten Wochen ben\u00f6tigt. Speziellen Dank an Theresa, Philip und Klaus f\u00fcr eure andauernde Unterst\u00fctzung und nat\u00fcrlich auch an alle Vorstandsmitglieder.<\/p>\n<p>\u00dcbrigens, falls es bereits wieder Mitglieder gibt, die eines unserer internen TCD-Turniere organisieren m\u00f6chte (B\u00e4ndeles-, Mixed-, Einzel- oder Doppelturnier), meldet euch gern im Vorfeld bei uns. Dann nehmen wir das bereits in die Saisonplanung mit auf.<\/p>\n<p>Vielen Dank und sportliche Gr\u00fc\u00dfe.<\/p>\n<p>Euer TCD-Vorstand.<\/p>\n<p>Hans-J\u00fcrgen H\u00fcsges<\/p>\n<p><strong>Tennisclub Dettingen unter Teck e.V.<\/strong><\/p>\n<p><strong>Teckstra\u00dfe 48<\/strong><\/p>\n<p><strong>73265 Dettingen\u00a0unter Teck<\/strong><\/p>\n<p><strong>E-Mail:\u00a0<\/strong><a href=\"mailto:vorstand1@tcd-teck.club\"><strong>vorstand1@tcd-teck.club<\/strong><\/a><\/p>\n<p><strong>Mobil:\u00a0+ 49 (0)172 87 40 906<\/strong><\/p>\n","protected":false},"excerpt":{"rendered":"<p>Liebe Mitglieder\/innen des TC Dettingen unter Teck, hiermit laden wir euch ganz herzlich zu unserer 46. Mitgliederversammlung ein. Diese wird am\u00a009.05.2025 um 19:00 Uhr auf unserem Vereinsgel\u00e4nde stattfinden. Die beiden Hauptthemen werden wieder unsere Vorstandswahlen und die aktuellen Bauma\u00dfnahmen an der H\u00fctte sein. Au\u00dferdem werfen wir wieder einen R\u00fcckblick auf das Vorjahr und geben einen Ausblick auf unsere anstehende Saison. Tagesordnung: Begr\u00fc\u00dfung Berichte 1. und<\/p>\n","protected":false},"author":1,"featured_media":0,"comment_status":"open","ping_status":"open","sticky":false,"template":"","format":"standard","meta":{"_jetpack_newsletter_access":"","_jetpack_dont_email_post_to_subs":false,"_jetpack_newsletter_tier_id":0,"_jetpack_memberships_contains_paywalled_content":false,"_jetpack_feature_clip_id":0,"_jetpack_memberships_contains_paid_content":false,"footnotes":"","jetpack_post_was_ever_published":false},"categories":[34,39],"tags":[],"class_list":["post-5428","post","type-post","status-publish","format-standard","hentry","category-archiv","category-vorstand"],"jetpack_sharing_enabled":true,"jetpack_featured_media_url":"","_links":{"self":[{"href":"https:\/\/tc-dettingen-teck.de\/index.php?rest_route=\/wp\/v2\/posts\/5428","targetHints":{"allow":["GET"]}}],"collection":[{"href":"https:\/\/tc-dettingen-teck.de\/index.php?rest_route=\/wp\/v2\/posts"}],"about":[{"href":"https:\/\/tc-dettingen-teck.de\/index.php?rest_route=\/wp\/v2\/types\/post"}],"author":[{"embeddable":true,"href":"https:\/\/tc-dettingen-teck.de\/index.php?rest_route=\/wp\/v2\/users\/1"}],"replies":[{"embeddable":true,"href":"https:\/\/tc-dettingen-teck.de\/index.php?rest_route=%2Fwp%2Fv2%2Fcomments&post=5428"}],"version-history":[{"count":0,"href":"https:\/\/tc-dettingen-teck.de\/index.php?rest_route=\/wp\/v2\/posts\/5428\/revisions"}],"wp:attachment":[{"href":"https:\/\/tc-dettingen-teck.de\/index.php?rest_route=%2Fwp%2Fv2%2Fmedia&parent=5428"}],"wp:term":[{"taxonomy":"category","embeddable":true,"href":"https:\/\/tc-dettingen-teck.de\/index.php?rest_route=%2Fwp%2Fv2%2Fcategories&post=5428"},{"taxonomy":"post_tag","embeddable":true,"href":"https:\/\/tc-dettingen-teck.de\/index.php?rest_route=%2Fwp%2Fv2%2Ftags&post=5428"}],"curies":[{"name":"wp","href":"https:\/\/api.w.org\/{rel}","templated":true}]}}