{"id":5444,"date":"2025-05-14T10:30:08","date_gmt":"2025-05-14T10:30:08","guid":{"rendered":"https:\/\/tc-dettingen-teck.de\/?p=5444"},"modified":"2025-05-14T10:30:08","modified_gmt":"2025-05-14T10:30:08","slug":"tc-dettingen-rueckblick-auf-eine-lebendige-mitgliederversammlung","status":"publish","type":"post","link":"https:\/\/tc-dettingen-teck.de\/?p=5444","title":{"rendered":"TC Dettingen \u2013 R\u00fcckblick auf eine lebendige Mitgliederversammlung"},"content":{"rendered":"<h2><strong>TC Dettingen \u2013 R\u00fcckblick auf eine lebendige Mitgliederversammlung<\/strong><\/h2>\n<p>Am 9. Mai fand die 46. Mitgliederversammlung unseres TC Dettingen\/Teck statt \u2013 und das bei bestem Wetter drau\u00dfen vor dem Vereinsheim. Die laufenden Renovierungsarbeiten machten ein Treffen im Inneren unm\u00f6glich, aber bei Sonnenschein und dem sch\u00f6nen Blick auf die Teck war das kein Problem. Im Gegenteil: Die lockere Atmosph\u00e4re hat gut zum Abend gepasst.<\/p>\n<p>Erfreulich war auch, dass deutlich mehr Mitglieder als in den letzten Jahren gekommen sind. Das zeigt, dass viele Interesse an der Entwicklung des Vereins haben und bereit sind, sich einzubringen.<\/p>\n<p>Im Mittelpunkt standen die Neuwahlen des Vorstands. Hans-J\u00fcrgen H\u00fcsges gab das Amt des 1. Vorsitzenden ab \u2013 vielen Dank f\u00fcr seinen Einsatz! Neu gew\u00e4hlt wurden Thomas Gr\u00e4ter (1. Vorsitzender), Steffen Powoden (2. Vorsitzender) und Danni Utzt (Schriftf\u00fchrerin). Unterst\u00fctzt wird sie von Waltraud K\u00f6nig, die sich nach vielen Jahren aus der aktiven Vorstandsarbeit zur\u00fcckzieht, dem Verein aber mit ihrer Erfahrung erhalten bleibt. Die \u00d6ffentlichkeitsarbeit \u00fcbernehmen k\u00fcnftig Utzt und Powoden gemeinsam.<\/p>\n<p>Die \u00fcbrigen Vorstandsposten bleiben in bew\u00e4hrten H\u00e4nden: Torsten B\u00f6nisch (Kassier), Alexander Hahn (Mitgliederverwaltung), Birgitt Hummel (Vereinsheim) und Volker Hummel (Platzwart) machen weiter \u2013 ein gutes Zeichen f\u00fcr Stabilit\u00e4t und Verl\u00e4sslichkeit.<\/p>\n<p>Ein gro\u00dfes Thema war der Umbau des Vereinsheims. Vieles ist schon geschafft: neue Leitungen, Fenster, D\u00e4mmung \u2013 und auch drau\u00dfen hat sich einiges getan. Der alte Container wurde abgebaut, eine gespendete Garage dient k\u00fcnftig als Lagerraum. Ein herzliches Dankesch\u00f6n an alle, die mit anpacken \u2013 ob handwerklich, organisatorisch oder einfach mit Zeit und Engagement.<\/p>\n<p>Sportlich sind wir gut gestartet: Die Saisoner\u00f6ffnung mit dem B\u00e4ndelesturnier war gut besucht, die Pl\u00e4tze sind in gutem Zustand. Im Oktober ist ein LK-Turnier vorgesehen. Vereinsmeisterschaften sind noch keine geplant, doch vielleicht klappt es ja dieses Jahr endlich mal wieder \u2013 und so liegt der Fokus auf gezielten Veranstaltungen und der Weiterentwicklung des Vereins.<\/p>\n<p>Auch in der Jugendarbeit tut sich etwas. Der Kinder-Elternabend im April war ein sch\u00f6ner Austausch, ein Jugendcamp f\u00fcr die Sommerferien ist in Planung \u2013 hier wird noch gepr\u00fcft, ob sich der Aufwand bei der aktuellen Teilnehmerzahl lohnt.<\/p>\n<p>Die Mitgliederentwicklung ist positiv: 18 Eintritte stehen 8 Austritten gegen\u00fcber. Auch die Platzpflege wird neu organisiert: K\u00fcnftig \u00fcbernehmen die Mannschaften eigenverantwortlich Aufgaben in kleinen Gruppen. Das entlastet den Platzwart und f\u00f6rdert das Miteinander.<\/p>\n<p>Alles in allem war es ein gelungener Abend, der zeigt: Der TC Dettingen entwickelt sich weiter. Nicht mit gewaltigen Spr\u00fcngen, aber mit klarer Richtung, viel Teamgeist und dem Wunsch, den Verein lebendig zu gestalten \u2013 sportlich, gemeinschaftlich und mit Blick in die Zukunft.<br \/>\n(sp)<\/p>\n<p>&nbsp;<\/p>\n","protected":false},"excerpt":{"rendered":"<p>TC Dettingen \u2013 R\u00fcckblick auf eine lebendige Mitgliederversammlung Am 9. Mai fand die 46. Mitgliederversammlung unseres TC Dettingen\/Teck statt \u2013 und das bei bestem Wetter drau\u00dfen vor dem Vereinsheim. Die laufenden Renovierungsarbeiten machten ein Treffen im Inneren unm\u00f6glich, aber bei Sonnenschein und dem sch\u00f6nen Blick auf die Teck war das kein Problem. Im Gegenteil: Die lockere Atmosph\u00e4re hat gut zum Abend gepasst. Erfreulich war auch,<\/p>\n","protected":false},"author":1,"featured_media":0,"comment_status":"open","ping_status":"open","sticky":false,"template":"","format":"standard","meta":{"_jetpack_memberships_contains_paid_content":false,"footnotes":""},"categories":[34,39],"tags":[],"class_list":["post-5444","post","type-post","status-publish","format-standard","hentry","category-archiv","category-vorstand"],"jetpack_featured_media_url":"","jetpack_sharing_enabled":true,"_links":{"self":[{"href":"https:\/\/tc-dettingen-teck.de\/index.php?rest_route=\/wp\/v2\/posts\/5444","targetHints":{"allow":["GET"]}}],"collection":[{"href":"https:\/\/tc-dettingen-teck.de\/index.php?rest_route=\/wp\/v2\/posts"}],"about":[{"href":"https:\/\/tc-dettingen-teck.de\/index.php?rest_route=\/wp\/v2\/types\/post"}],"author":[{"embeddable":true,"href":"https:\/\/tc-dettingen-teck.de\/index.php?rest_route=\/wp\/v2\/users\/1"}],"replies":[{"embeddable":true,"href":"https:\/\/tc-dettingen-teck.de\/index.php?rest_route=%2Fwp%2Fv2%2Fcomments&post=5444"}],"version-history":[{"count":0,"href":"https:\/\/tc-dettingen-teck.de\/index.php?rest_route=\/wp\/v2\/posts\/5444\/revisions"}],"wp:attachment":[{"href":"https:\/\/tc-dettingen-teck.de\/index.php?rest_route=%2Fwp%2Fv2%2Fmedia&parent=5444"}],"wp:term":[{"taxonomy":"category","embeddable":true,"href":"https:\/\/tc-dettingen-teck.de\/index.php?rest_route=%2Fwp%2Fv2%2Fcategories&post=5444"},{"taxonomy":"post_tag","embeddable":true,"href":"https:\/\/tc-dettingen-teck.de\/index.php?rest_route=%2Fwp%2Fv2%2Ftags&post=5444"}],"curies":[{"name":"wp","href":"https:\/\/api.w.org\/{rel}","templated":true}]}}