{"id":5501,"date":"2025-06-04T09:23:20","date_gmt":"2025-06-04T09:23:20","guid":{"rendered":"https:\/\/tc-dettingen-teck.de\/?p=5501"},"modified":"2025-06-04T09:23:20","modified_gmt":"2025-06-04T09:23:20","slug":"und-gleich-hinterher","status":"publish","type":"post","link":"https:\/\/tc-dettingen-teck.de\/?p=5501","title":{"rendered":"&#8230;und gleich hinterher"},"content":{"rendered":"<p>&#8230;und gleich hinterher ????:<\/p>\n<p>Liebe schl\u00e4gerschwingenden TCD-Mitglieder,<\/p>\n<p>nach dem super B\u00e4ndeles-Turnier zum Saisonstart legen wir nach! ????<\/p>\n<p>*SAVE THE DATE: 20.\/21. September &#8211; Mixed-Turnier zum Saisonausklang!*<\/p>\n<p>Wie an der Mitgliederversammlung angek\u00fcndigt, wollen wir dieses Jahr wieder mehr Vereinsturniere wahrnehmen &#8211; und was passt besser zum Saisonende als ein ge-MIXED-es Treiben auf den Pl\u00e4tzen?<\/p>\n<p>*Jetzt schon mal vormerken* &#8211; vor allem die Abende! Denn ihr wisst ja: Ein gutes Vereinsturnier lebt von den &#8222;verschiedenen Disziplinen&#8220; ????????????????????????<\/p>\n<p>Alle Details folgen sp\u00e4ter im Jahr. Unser Sportwart Heiko M\u00f6\u00dfner freut sich schon jetzt auf zahlreiche Beteiligung, gro\u00dfartige Stimmung und sportliche Szenen f\u00fcr die Ewigkeit !<\/p>\n<p>Erstmal noch eine sch\u00f6ne Saison, nutzt die Pfingstzeit gut und dann geht&#8217;s Ende Juni in die zweite H\u00e4lfte der Verbandsspielrunde. Auch unsere Hobbymannschaft startet dann richtig durch! ????<\/p>\n<p>Bis dahin &#8211; viel Spa\u00df auf und neben dem Platz!<\/p>\n<p>Euer\u00a0TCD-Vorstand<\/p>\n","protected":false},"excerpt":{"rendered":"<p>&#8230;und gleich hinterher ????: Liebe schl\u00e4gerschwingenden TCD-Mitglieder, nach dem super B\u00e4ndeles-Turnier zum Saisonstart legen wir nach! ???? *SAVE THE DATE: 20.\/21. September &#8211; Mixed-Turnier zum Saisonausklang!* Wie an der Mitgliederversammlung angek\u00fcndigt, wollen wir dieses Jahr wieder mehr Vereinsturniere wahrnehmen &#8211; und was passt besser zum Saisonende als ein ge-MIXED-es Treiben auf den Pl\u00e4tzen? *Jetzt schon mal vormerken* &#8211; vor allem die Abende! Denn ihr wisst<\/p>\n","protected":false},"author":1,"featured_media":0,"comment_status":"open","ping_status":"open","sticky":false,"template":"","format":"standard","meta":{"_jetpack_memberships_contains_paid_content":false,"footnotes":""},"categories":[34],"tags":[],"class_list":["post-5501","post","type-post","status-publish","format-standard","hentry","category-archiv"],"jetpack_featured_media_url":"","jetpack_sharing_enabled":true,"_links":{"self":[{"href":"https:\/\/tc-dettingen-teck.de\/index.php?rest_route=\/wp\/v2\/posts\/5501","targetHints":{"allow":["GET"]}}],"collection":[{"href":"https:\/\/tc-dettingen-teck.de\/index.php?rest_route=\/wp\/v2\/posts"}],"about":[{"href":"https:\/\/tc-dettingen-teck.de\/index.php?rest_route=\/wp\/v2\/types\/post"}],"author":[{"embeddable":true,"href":"https:\/\/tc-dettingen-teck.de\/index.php?rest_route=\/wp\/v2\/users\/1"}],"replies":[{"embeddable":true,"href":"https:\/\/tc-dettingen-teck.de\/index.php?rest_route=%2Fwp%2Fv2%2Fcomments&post=5501"}],"version-history":[{"count":0,"href":"https:\/\/tc-dettingen-teck.de\/index.php?rest_route=\/wp\/v2\/posts\/5501\/revisions"}],"wp:attachment":[{"href":"https:\/\/tc-dettingen-teck.de\/index.php?rest_route=%2Fwp%2Fv2%2Fmedia&parent=5501"}],"wp:term":[{"taxonomy":"category","embeddable":true,"href":"https:\/\/tc-dettingen-teck.de\/index.php?rest_route=%2Fwp%2Fv2%2Fcategories&post=5501"},{"taxonomy":"post_tag","embeddable":true,"href":"https:\/\/tc-dettingen-teck.de\/index.php?rest_route=%2Fwp%2Fv2%2Ftags&post=5501"}],"curies":[{"name":"wp","href":"https:\/\/api.w.org\/{rel}","templated":true}]}}