{"id":5541,"date":"2025-07-28T08:00:26","date_gmt":"2025-07-28T08:00:26","guid":{"rendered":"https:\/\/tc-dettingen-teck.de\/?p=5541"},"modified":"2025-07-28T08:00:26","modified_gmt":"2025-07-28T08:00:26","slug":"vorschau-tennis-highlights-der-kommenden-wochen","status":"publish","type":"post","link":"https:\/\/tc-dettingen-teck.de\/?p=5541","title":{"rendered":"Vorschau: Tennis-Highlights der kommenden Wochen"},"content":{"rendered":"<p><strong>Vorschau: Tennis-Highlights der kommenden Wochen<\/strong><\/p>\n<p>(sp) Nach dem erfolgreichen Saisonfinale unserer Mannschaften stehen bereits die n\u00e4chsten Tennis-Events vor der T\u00fcr. Von Nachwuchsf\u00f6rderung bis zum geselligen Saisonabschluss \u2013 der TC Dettingen\/Teck bleibt in Bewegung! Auch w\u00e4hrend der Sommerferien\u2026<\/p>\n<p><strong>02. August 2025 \u2013 Kinderferienprogramm<\/strong><\/p>\n<p>Wie jedes Jahr begr\u00fc\u00dfen wir auch heuer wieder eine gr\u00f6\u00dfere Anzahl Dettinger Kinder, die im Rahmen des gemeindlichen Ferienprogramms Tennis schnuppern m\u00f6chten. Die vereinsinternen Helfer als Trainer und Betreuer haben sich bereits gefunden \u2013 dennoch freuen wir uns, wenn weitere Mitglieder zur Unterst\u00fctzung vorbeischauen oder unsere Vereinsjugend mithilft, den Schnupperern den Verein n\u00e4herzubringen und die Anlage zu zeigen.<\/p>\n<p><strong>04. \u2013 06. August 2025 \u2013 Kinder- und JugendCamp<\/strong><\/p>\n<p>Unser traditionelles Camp f\u00fcr die Kinder und Jugendlichen im Verein steht an! Bitte beachtet die Infos \u00fcber die anderen Vereinskan\u00e4le. F\u00fcr alle weiteren Mitglieder der Hinweis: An diesen Tagen k\u00f6nnte der Spielbetrieb etwas eingeschr\u00e4nkt sein, da hier unsere Jugend Vorfahrt hat!<\/p>\n<p><strong>20.\/21. September 2025 \u2013 Mixed-Turnier<\/strong><\/p>\n<p>Hoffentlich habt ihr den Termin schon geblockt! Unser Mixed-Turnier soll den kr\u00f6nenden Abschluss einer au\u00dfergew\u00f6hnlichen Saison bilden. Genaue Infos folgen in den n\u00e4chsten Tagen von Sportwart Heiko M\u00f6ssner \u2013 dann freuen wir uns auf reichlich Anmeldungen und gesellige Stunden auf der Anlage.<\/p>\n<p>&nbsp;<\/p>\n<p>Ein herzliches Dankesch\u00f6n an alle, die diesen Verein so lebendig machen \u2013 ob auf dem Platz, bei der Organisation oder einfach durch eure Unterst\u00fctzung. Gemeinsam sorgen wir daf\u00fcr, dass Tennis in Dettingen mehr ist als nur Sport!<\/p>\n","protected":false},"excerpt":{"rendered":"<p>Vorschau: Tennis-Highlights der kommenden Wochen (sp) Nach dem erfolgreichen Saisonfinale unserer Mannschaften stehen bereits die n\u00e4chsten Tennis-Events vor der T\u00fcr. Von Nachwuchsf\u00f6rderung bis zum geselligen Saisonabschluss \u2013 der TC Dettingen\/Teck bleibt in Bewegung! Auch w\u00e4hrend der Sommerferien\u2026 02. August 2025 \u2013 Kinderferienprogramm Wie jedes Jahr begr\u00fc\u00dfen wir auch heuer wieder eine gr\u00f6\u00dfere Anzahl Dettinger Kinder, die im Rahmen des gemeindlichen Ferienprogramms Tennis schnuppern m\u00f6chten. Die<\/p>\n","protected":false},"author":1,"featured_media":0,"comment_status":"open","ping_status":"open","sticky":false,"template":"","format":"standard","meta":{"_jetpack_memberships_contains_paid_content":false,"footnotes":""},"categories":[34],"tags":[],"class_list":["post-5541","post","type-post","status-publish","format-standard","hentry","category-archiv"],"jetpack_featured_media_url":"","jetpack_sharing_enabled":true,"_links":{"self":[{"href":"https:\/\/tc-dettingen-teck.de\/index.php?rest_route=\/wp\/v2\/posts\/5541","targetHints":{"allow":["GET"]}}],"collection":[{"href":"https:\/\/tc-dettingen-teck.de\/index.php?rest_route=\/wp\/v2\/posts"}],"about":[{"href":"https:\/\/tc-dettingen-teck.de\/index.php?rest_route=\/wp\/v2\/types\/post"}],"author":[{"embeddable":true,"href":"https:\/\/tc-dettingen-teck.de\/index.php?rest_route=\/wp\/v2\/users\/1"}],"replies":[{"embeddable":true,"href":"https:\/\/tc-dettingen-teck.de\/index.php?rest_route=%2Fwp%2Fv2%2Fcomments&post=5541"}],"version-history":[{"count":0,"href":"https:\/\/tc-dettingen-teck.de\/index.php?rest_route=\/wp\/v2\/posts\/5541\/revisions"}],"wp:attachment":[{"href":"https:\/\/tc-dettingen-teck.de\/index.php?rest_route=%2Fwp%2Fv2%2Fmedia&parent=5541"}],"wp:term":[{"taxonomy":"category","embeddable":true,"href":"https:\/\/tc-dettingen-teck.de\/index.php?rest_route=%2Fwp%2Fv2%2Fcategories&post=5541"},{"taxonomy":"post_tag","embeddable":true,"href":"https:\/\/tc-dettingen-teck.de\/index.php?rest_route=%2Fwp%2Fv2%2Ftags&post=5541"}],"curies":[{"name":"wp","href":"https:\/\/api.w.org\/{rel}","templated":true}]}}