{"id":5543,"date":"2025-07-30T09:21:01","date_gmt":"2025-07-30T09:21:01","guid":{"rendered":"https:\/\/tc-dettingen-teck.de\/?p=5543"},"modified":"2025-07-30T09:21:01","modified_gmt":"2025-07-30T09:21:01","slug":"gemeindeblatt-kw-31","status":"publish","type":"post","link":"https:\/\/tc-dettingen-teck.de\/?p=5543","title":{"rendered":"Gemeindeblatt KW 31"},"content":{"rendered":"<p><strong>Die Meister sind da!<\/strong><\/p>\n<p>(sp) Versprochen ist versprochen! Hier ist das langersehnte Siegerfoto unserer frischgebackenen Meister der Herren 50, die mit ihrem grandiosen Aufstieg TCD-Tennisgeschichte geschrieben haben. Nach einer nahezu perfekten Saison bei der sie den Mitkonkurrenten aus Esslingen deutlich auf Platz 2 verwiesen haben, d\u00fcrfen sich unsere erfahrenen Routiniers zu Recht als die Besten ihrer Liga feiern lassen.<\/p>\n<p>Ein Erfolg, der sicher noch lange in Erinnerung bleiben und R\u00fcckenwind f\u00fcr die neue Saison \u00a0bringen wird \u2013 herzlichen Gl\u00fcckwunsch nochmals an die gesamte Mannschaft, die vor allem in den Doppeln unschlagbar war!<br \/>\n<img decoding=\"async\" class=\"lazyload alignnone size-full wp-image-5544\" src=\"data:image\/svg+xml,%3Csvg%20xmlns%3D%27http%3A%2F%2Fwww.w3.org%2F2000%2Fsvg%27%20width%3D%27605%27%20height%3D%27467%27%20viewBox%3D%270%200%20605%20467%27%3E%3Crect%20width%3D%27605%27%20height%3D%27467%27%20fill-opacity%3D%220%22%2F%3E%3C%2Fsvg%3E\" data-orig-src=\"https:\/\/tc-dettingen-teck.de\/wp-content\/uploads\/2025\/07\/Meister-H50-2025-oHansi.jpg\" alt=\"\" width=\"605\" height=\"467\" \/><\/p>\n<p>Auf dem Bild (stehend von links): Trainer Wolfgang Bente, Thomas Gr\u00e4ter, Thomas Schultz, Mario Streiber, Torsten B\u00f6nisch, Frank Wahl, Olle Kickler (1. Reihe): Mannschaftsf\u00fchrer Volker Hummel, Daniel Trostel, Jochen Klemmer \u2013 leider nicht auf dem Foto: Hans-J\u00fcrgen H\u00fcsges.<\/p>\n<p>&nbsp;<\/p>\n<p><strong>Vorschau: Tennis-Highlights der kommenden Wochen<\/strong><\/p>\n<p>(sp) Auch w\u00e4hrend und nach den Sommerferien ist beim TCD viel los! Von der Nachwuchsf\u00f6rderung bis zum geselligen Saisonabschluss \u2013 unser Verein bleibt auch in den warmen Augustwochen aktiv und lebendig.<\/p>\n<ol start=\"2\">\n<li><strong> August 2025 \u2013 Kinderferienprogramm<\/strong><\/li>\n<\/ol>\n<p>Alles ist startklar f\u00fcr unser traditionelles Kinderferienprogramm am kommenden Samstag! Wie jedes Jahr begr\u00fc\u00dfen wir auch diesmal wieder zahlreiche Dettinger Kinder, die im Rahmen des gemeindlichen Ferienprogramms Tennis schnuppern m\u00f6chten. Unsere vereinsinternen Helfer als Trainer und Betreuer stehen bereits in den Startl\u00f6chern \u2013 wir hoffen auf trockenes Wetter und freuen uns auf unsere jungen G\u00e4ste!<\/p>\n<p>\u00dcbrigens: da wir auf allen vier Pl\u00e4tzen aktiv sein werden, ist der Spiel- und Trainingsbetrieb f\u00fcr allen anderen Mitglieder erst wieder nachmittags m\u00f6glich.<\/p>\n<ol start=\"11\">\n<li><strong> \u2013 13. August 2025 \u2013 Kinder- und JugendCamp<\/strong><\/li>\n<\/ol>\n<p>Unser traditionelles Camp f\u00fcr die Kinder und Jugendlichen im Verein steht vor der T\u00fcr! Leider hatte sich letzte Woche ein Fehlerteufelchen beim Datum eingeschlichen. Jetzt stimmt\u2019s! Bitte beachtet die weiteren Infos \u00fcber unsere Vereinskan\u00e4le. F\u00fcr alle anderen Mitglieder der wichtige Hinweis: Auch hier wird an diesen Tagen der Spielbetrieb etwas eingeschr\u00e4nkt sein, da hier unsere Jugend Vorfahrt hat!<\/p>\n<p><strong>20.\/21. September 2025 \u2013 Mixed-Turnier<\/strong><\/p>\n<p>Die Listen h\u00e4ngen aus! Im Bereich des Tennisheims k\u00f6nnt ihr euch ab sofort f\u00fcr unser Mixed-Turnier eintragen, das den kr\u00f6nenden sportlichen Abschluss der diesj\u00e4hrigen Saison bilden soll. Hoffentlich habt ihr den Termin schon geblockt \u2013 wir freuen uns auf reichlich Anmeldungen und gesellige Stunden auf der Anlage. Genaue Infos h\u00e4ngen ebenfalls aus und ansonsten gerne an unseren Sportwart Heiko M\u00f6ssner wenden.<\/p>\n<p>Wir freuen uns riesig, wenn unsere Angebote f\u00fcr Gro\u00df und Klein so begeistert angenommen werden! Mit dieser Vielfalt tragen wir hoffentlich dazu bei, dass der Tennissport in Dettingen auch k\u00fcnftig eine feste und lebendige Gr\u00f6\u00dfe bleibt \u2013 und wer wei\u00df, vielleicht entdeckt ja der eine oder andere seine neue Leidenschaft am gelben Filzball!<\/p>\n<p>&nbsp;<\/p>\n<p><strong>Terminverschiebung: Freitags-Putz<\/strong><\/p>\n<p>(sp) Aufgrund der Wettervorhersage verschiebt sich unser traditioneller Freitags-Putz ausnahmsweise um eine Woche: Statt am 01. August packen wir gemeinsam am <strong>08. August<\/strong> an, um unsere Anlage wieder auf Hochglanz zu bringen!<\/p>\n","protected":false},"excerpt":{"rendered":"<p>Die Meister sind da! (sp) Versprochen ist versprochen! Hier ist das langersehnte Siegerfoto unserer frischgebackenen Meister der Herren 50, die mit ihrem grandiosen Aufstieg TCD-Tennisgeschichte geschrieben haben. Nach einer nahezu perfekten Saison bei der sie den Mitkonkurrenten aus Esslingen deutlich auf Platz 2 verwiesen haben, d\u00fcrfen sich unsere erfahrenen Routiniers zu Recht als die Besten ihrer Liga feiern lassen. Ein Erfolg, der sicher noch lange<\/p>\n","protected":false},"author":1,"featured_media":0,"comment_status":"open","ping_status":"open","sticky":false,"template":"","format":"standard","meta":{"_jetpack_newsletter_access":"","_jetpack_dont_email_post_to_subs":false,"_jetpack_newsletter_tier_id":0,"_jetpack_memberships_contains_paywalled_content":false,"_jetpack_feature_clip_id":0,"_jetpack_memberships_contains_paid_content":false,"footnotes":"","jetpack_post_was_ever_published":false},"categories":[34],"tags":[],"class_list":["post-5543","post","type-post","status-publish","format-standard","hentry","category-archiv"],"jetpack_sharing_enabled":true,"jetpack_featured_media_url":"","_links":{"self":[{"href":"https:\/\/tc-dettingen-teck.de\/index.php?rest_route=\/wp\/v2\/posts\/5543","targetHints":{"allow":["GET"]}}],"collection":[{"href":"https:\/\/tc-dettingen-teck.de\/index.php?rest_route=\/wp\/v2\/posts"}],"about":[{"href":"https:\/\/tc-dettingen-teck.de\/index.php?rest_route=\/wp\/v2\/types\/post"}],"author":[{"embeddable":true,"href":"https:\/\/tc-dettingen-teck.de\/index.php?rest_route=\/wp\/v2\/users\/1"}],"replies":[{"embeddable":true,"href":"https:\/\/tc-dettingen-teck.de\/index.php?rest_route=%2Fwp%2Fv2%2Fcomments&post=5543"}],"version-history":[{"count":0,"href":"https:\/\/tc-dettingen-teck.de\/index.php?rest_route=\/wp\/v2\/posts\/5543\/revisions"}],"wp:attachment":[{"href":"https:\/\/tc-dettingen-teck.de\/index.php?rest_route=%2Fwp%2Fv2%2Fmedia&parent=5543"}],"wp:term":[{"taxonomy":"category","embeddable":true,"href":"https:\/\/tc-dettingen-teck.de\/index.php?rest_route=%2Fwp%2Fv2%2Fcategories&post=5543"},{"taxonomy":"post_tag","embeddable":true,"href":"https:\/\/tc-dettingen-teck.de\/index.php?rest_route=%2Fwp%2Fv2%2Ftags&post=5543"}],"curies":[{"name":"wp","href":"https:\/\/api.w.org\/{rel}","templated":true}]}}