{"id":5847,"date":"2026-04-22T11:52:31","date_gmt":"2026-04-22T09:52:31","guid":{"rendered":"https:\/\/tc-dettingen-teck.de\/?p=5847"},"modified":"2026-04-22T11:53:13","modified_gmt":"2026-04-22T09:53:13","slug":"tag-der-offenen-tuer-am-03-mai-ein-tag-fuer-und-mit-uns-allen","status":"publish","type":"post","link":"https:\/\/tc-dettingen-teck.de\/?p=5847","title":{"rendered":"\ud83c\udfbe Tag der Offenen T\u00fcr am 03. Mai \u2013 ein Tag f\u00fcr und mit uns allen"},"content":{"rendered":"<p>Liebe TCD\u2019ler,<\/p>\n<p>gestern war die Ank\u00fcndigung im Gemeindeblatt \u2013 jetzt geht\u2019s an uns. Wie schon auf der Mitgliederversammlung und an verschiedenen Stellen angek\u00fcndigt&#8230;<br \/>\n<strong>Am 03. Mai wollen wir als Verein zeigen, was in uns steckt<\/strong> \u2013 und vor allem: gemeinsam einen richtig starken Tag auf die Beine stellen.<\/p>\n<p>Die Projektgruppe hat in den letzten Wochen viele tolle Ideen entwickelt \u2013 jetzt geht es in die Umsetzung.<br \/>\n\ud83e\udef1 Wer sich noch mit <strong>Ideen einbringen<\/strong>\u00a0m\u00f6chte: sehr gerne!<br \/>\n\ud83e\udef1 Und ansonsten gilt vor allem: <strong>Mitmachen<\/strong>, dabei sein, unterst\u00fctzen.<\/p>\n<p>Denn klar ist:<br \/>\nDer Tag lebt davon, dass wir ihn gemeinsam tragen \u2013 und gleichzeitig soll es nat\u00fcrlich auch f\u00fcr uns selbst <strong>ein richtig sch\u00f6ner Vereinstag<\/strong>\u00a0werden.<br \/>\nAlso: Termin fest einplanen<\/p>\n<p>\ud83d\udcc5 <strong>Ablauf am 03. Mai (\u00dcbersicht &#8211; Details folgen):<\/strong><\/p>\n<p>ab 11:00 Uhr \u2013 Start<br \/>\n\ud83c\udfbe\u00a011:00 \u2013 13:00 Uhr: Tennisaction auf 4 Pl\u00e4tzen<br \/>\n\ud83c\udfa4 13:00 Uhr: Gru\u00dfworte B\u00fcrgermeister Hau\u00dfmann &amp; Vorstand<br \/>\n\ud83c\udf54 ab 13:30 Uhr: Burger-Time<br \/>\n\ud83c\udfbe 14:00 \u2013 16:00 Uhr: Tennisaction auf 4 Pl\u00e4tzen<br \/>\n16:30 Uhr \u2013 offizielles Ende<br \/>\n\ud83e\udef1 danach: gemeinsames Aufr\u00e4umen<\/p>\n<p>\ud83c\udf74 <strong>Rund um die H\u00fctte<\/strong><br \/>\nKulinarisch ist einiges geboten:<br \/>\nBurger zur Mittagszeit, unsere neuen Flammkuchen-\/Pizza-Variationen aus dem Ofen,<br \/>\ndazu Kuchenbuffet, Waffelstand und Aperol \ud83c\udf79<\/p>\n<p>\ud83e\udef1 Die Bewirtung l\u00e4uft zentral \u00fcber die H\u00fctte \u2013<br \/>\nf\u00fcr das Kuchenbuffet freuen wir uns noch \u00fcber zahlreiche leckere Kuchen!<br \/>\n(Aushang am Infobrett folgt)<\/p>\n<p>\ud83e\udef1 F\u00fcr den Waffelstand:<br \/>\nGerne Waffelteig-Spenden \u2013 Einnahmen gehen an unsere TCD-Jugend.<\/p>\n<p>\ud83e\uddd1\u200d\ud83e\udd1d\u200d\ud83e\uddd1 <strong>Mitmachen &amp; Unterst\u00fctzen<\/strong><br \/>\nGerade f\u00fcr Kinder und Jugendliche aus dem Ort wollen wir ein tolles Angebot schaffen:<br \/>\neigener Kids-Platz \ud83c\udfbe<br \/>\nH\u00fcpfburg<br \/>\nMitmach-Stationen<\/p>\n<p>\ud83e\udef1 <strong>Hierf\u00fcr brauchen wir \u00fcber den Tag verteilt Unterst\u00fctzung bei der Betreuung.<\/strong><\/p>\n<p>\ud83c\udfbe <strong>Weitere Aktionen<\/strong><br \/>\nTestschl\u00e4ger ausprobieren<br \/>\nEinblick ins Besaiten von Schl\u00e4gern<br \/>\n\ud83d\udecd\ufe0f Tennis-Bazar (richtig gute Idee!)<\/p>\n<p>\ud83e\udef1 Wer noch gut erhaltenes Equipment hat (Schl\u00e4ger, Schuhe, Taschen, Kleidung \u2013 gerade f\u00fcr Kinder): gerne schon mal bereitlegen!<br \/>\n\u2192 Details folgen, ebenso die Organisation vor Ort<br \/>\n\u2192 auch hier freuen wir uns \u00fcber Unterst\u00fctzung am Stand<\/p>\n<p>\ud83d\ude4c <strong>Organisation &amp; Helfer<\/strong><br \/>\nWir teilen uns die Aufgaben \u00fcber den Tag auf (ca. 11:00 \u2013 16:30 Uhr)<br \/>\n\ud83e\udef1 plus <strong>Auf- und Abbau<\/strong>\u00a0(ggf. schon Samstagabend nach dem Mixed-Turnier)<\/p>\n<p><strong>Das ist jetzt die erste Vorab-Info<\/strong> \u2013 weitere Details folgen in den n\u00e4chsten Wochen.<\/p>\n<p>Lasst uns gemeinsam einen Tag gestalten, auf den wir als Verein stolz sein k\u00f6nnen. \ud83d\udc99<br \/>\nWir freuen uns auf euch!<\/p>\n<p>Euer Vorstand &amp; das Projekt-Team &#8222;Tag der offenen T\u00fcr!&#8220; \ud83c\udfbe<\/p>\n","protected":false},"excerpt":{"rendered":"<p>Liebe TCD\u2019ler, gestern war die Ank\u00fcndigung im Gemeindeblatt \u2013 jetzt geht\u2019s an uns. Wie schon auf der Mitgliederversammlung und an verschiedenen Stellen angek\u00fcndigt&#8230; Am 03. Mai wollen wir als Verein zeigen, was in uns steckt \u2013 und vor allem: gemeinsam einen richtig starken Tag auf die Beine stellen. Die Projektgruppe hat in den letzten Wochen viele tolle Ideen entwickelt \u2013 jetzt geht es in die<\/p>\n","protected":false},"author":1,"featured_media":5849,"comment_status":"closed","ping_status":"open","sticky":false,"template":"","format":"standard","meta":{"_jetpack_memberships_contains_paid_content":false,"footnotes":""},"categories":[38,49],"tags":[],"class_list":["post-5847","post","type-post","status-publish","format-standard","has-post-thumbnail","hentry","category-pressemitteilung","category-veranstaltung"],"jetpack_featured_media_url":"https:\/\/tc-dettingen-teck.de\/wp-content\/uploads\/2026\/04\/Plakat-Tag-der-offenen-Tuere.jpeg","jetpack_sharing_enabled":true,"_links":{"self":[{"href":"https:\/\/tc-dettingen-teck.de\/index.php?rest_route=\/wp\/v2\/posts\/5847","targetHints":{"allow":["GET"]}}],"collection":[{"href":"https:\/\/tc-dettingen-teck.de\/index.php?rest_route=\/wp\/v2\/posts"}],"about":[{"href":"https:\/\/tc-dettingen-teck.de\/index.php?rest_route=\/wp\/v2\/types\/post"}],"author":[{"embeddable":true,"href":"https:\/\/tc-dettingen-teck.de\/index.php?rest_route=\/wp\/v2\/users\/1"}],"replies":[{"embeddable":true,"href":"https:\/\/tc-dettingen-teck.de\/index.php?rest_route=%2Fwp%2Fv2%2Fcomments&post=5847"}],"version-history":[{"count":6,"href":"https:\/\/tc-dettingen-teck.de\/index.php?rest_route=\/wp\/v2\/posts\/5847\/revisions"}],"predecessor-version":[{"id":5857,"href":"https:\/\/tc-dettingen-teck.de\/index.php?rest_route=\/wp\/v2\/posts\/5847\/revisions\/5857"}],"wp:featuredmedia":[{"embeddable":true,"href":"https:\/\/tc-dettingen-teck.de\/index.php?rest_route=\/wp\/v2\/media\/5849"}],"wp:attachment":[{"href":"https:\/\/tc-dettingen-teck.de\/index.php?rest_route=%2Fwp%2Fv2%2Fmedia&parent=5847"}],"wp:term":[{"taxonomy":"category","embeddable":true,"href":"https:\/\/tc-dettingen-teck.de\/index.php?rest_route=%2Fwp%2Fv2%2Fcategories&post=5847"},{"taxonomy":"post_tag","embeddable":true,"href":"https:\/\/tc-dettingen-teck.de\/index.php?rest_route=%2Fwp%2Fv2%2Ftags&post=5847"}],"curies":[{"name":"wp","href":"https:\/\/api.w.org\/{rel}","templated":true}]}}